
{"id":3127,"date":"2023-10-03T18:18:25","date_gmt":"2023-10-03T16:18:25","guid":{"rendered":"https:\/\/www.santafe.gob.ar\/ms\/cajajubilaciones\/?p=3127"},"modified":"2025-11-03T09:14:45","modified_gmt":"2025-11-03T12:14:45","slug":"novedades-de-la-liquidacion-de-septiembre-2","status":"publish","type":"post","link":"https:\/\/www.santafe.gob.ar\/ms\/cajajubilaciones\/sin-categoria\/novedades-de-la-liquidacion-de-septiembre-2\/","title":{"rendered":"Novedades de la liquidaci\u00f3n de Septiembre"},"content":{"rendered":"<p style=\"font-weight: 400\">En la\u00a0\u00a0liquidaci\u00f3n del mes de SEPTIEMBRE, se aplica la pol\u00edtica salarial acordada para los sectores que resuelven paritarias con el Poder Ejecutivo.<\/p>\r\n<p style=\"font-weight: 400\">Adem\u00e1s, se imputa el sexto incremento de la pol\u00edtica salarial para Municipios y Comunas, y el aumento dispuesto por Acordada de la Corte Suprema de Justicia de la Naci\u00f3n, trasladable a los sectores correspondientes.<\/p>\r\nRecordamos que, los aumentos del a\u00f1o en curso, se acumula en el c\u00f3digo 210, excepto para el sector judicial donde se discrimina solo el \u00faltimo incremento en el c\u00f3digo 210, acumul\u00e1ndose los haberes jubilatorios anteriores en el c\u00f3digo 200.\r\n\r\nPara los pasivos del sector Legislativo, se liquidan los aumentos correspondientes al mes de agosto y septiembre (acumulados al c\u00f3digo 210).\u00a0 Adem\u00e1s se abona el retroactivo (codigo 278) correspondiente al incremento adeudado por el mes de agosto del corriente.\r\n\r\nPara los beneficiarios de la \u00abAdministraci\u00f3n Central\u00bb, se rectifica el coeficiente del mes de agosto (incidencia adicional SPI), y se acumula al incremento del mes de septiembre. Adem\u00e1s se liquidan las retroactividades que genera la adecuaci\u00f3n por el mes de agosto.","protected":false},"excerpt":{"rendered":"<p>En la\u00a0\u00a0liquidaci\u00f3n del mes de SEPTIEMBRE, se aplica la pol\u00edtica salarial acordada para los sectores que resuelven paritarias con el Poder Ejecutivo. Adem\u00e1s, se imputa el sexto incremento de la pol\u00edtica salarial para Municipios y Comunas, y el aumento dispuesto por Acordada de la Corte Suprema de Justicia de la Naci\u00f3n, trasladable a los sectores [&hellip;]<\/p>\n","protected":false},"author":20953,"featured_media":2314,"comment_status":"open","ping_status":"open","sticky":false,"template":"","format":"standard","meta":{"_acf_changed":false,"footnotes":""},"categories":[1],"tags":[],"class_list":["post-3127","post","type-post","status-publish","format-standard","has-post-thumbnail","hentry","category-sin-categoria"],"acf":[],"_links":{"self":[{"href":"https:\/\/www.santafe.gob.ar\/ms\/cajajubilaciones\/wp-json\/wp\/v2\/posts\/3127","targetHints":{"allow":["GET"]}}],"collection":[{"href":"https:\/\/www.santafe.gob.ar\/ms\/cajajubilaciones\/wp-json\/wp\/v2\/posts"}],"about":[{"href":"https:\/\/www.santafe.gob.ar\/ms\/cajajubilaciones\/wp-json\/wp\/v2\/types\/post"}],"author":[{"embeddable":true,"href":"https:\/\/www.santafe.gob.ar\/ms\/cajajubilaciones\/wp-json\/wp\/v2\/users\/20953"}],"replies":[{"embeddable":true,"href":"https:\/\/www.santafe.gob.ar\/ms\/cajajubilaciones\/wp-json\/wp\/v2\/comments?post=3127"}],"version-history":[{"count":2,"href":"https:\/\/www.santafe.gob.ar\/ms\/cajajubilaciones\/wp-json\/wp\/v2\/posts\/3127\/revisions"}],"predecessor-version":[{"id":3131,"href":"https:\/\/www.santafe.gob.ar\/ms\/cajajubilaciones\/wp-json\/wp\/v2\/posts\/3127\/revisions\/3131"}],"wp:featuredmedia":[{"embeddable":true,"href":"https:\/\/www.santafe.gob.ar\/ms\/cajajubilaciones\/wp-json\/wp\/v2\/media\/2314"}],"wp:attachment":[{"href":"https:\/\/www.santafe.gob.ar\/ms\/cajajubilaciones\/wp-json\/wp\/v2\/media?parent=3127"}],"wp:term":[{"taxonomy":"category","embeddable":true,"href":"https:\/\/www.santafe.gob.ar\/ms\/cajajubilaciones\/wp-json\/wp\/v2\/categories?post=3127"},{"taxonomy":"post_tag","embeddable":true,"href":"https:\/\/www.santafe.gob.ar\/ms\/cajajubilaciones\/wp-json\/wp\/v2\/tags?post=3127"}],"curies":[{"name":"wp","href":"https:\/\/api.w.org\/{rel}","templated":true}]}}