{"id":6045,"date":"2019-01-25T13:19:18","date_gmt":"2019-01-25T16:19:18","guid":{"rendered":"https:\/\/www.santafe.gob.ar\/ms\/gobiernoabierto\/?p=6045"},"modified":"2019-01-25T13:19:51","modified_gmt":"2019-01-25T16:19:51","slug":"se-promulgo-la-ley-del-arbol","status":"publish","type":"post","link":"https:\/\/www.santafe.gob.ar\/ms\/gobiernoabierto\/2019\/01\/25\/se-promulgo-la-ley-del-arbol\/","title":{"rendered":"\u00a1Se promulg\u00f3 la Ley del \u00c1rbol!"},"content":{"rendered":"<p><span style=\"font-weight: 400\">Esta ley, es una de las tantas que cont\u00f3 con aportes de la ciudadan\u00eda a trav\u00e9s de una plataforma digital de participaci\u00f3n ciudadana en una de las primeras implementaciones de \u00a0<\/span><a href=\"https:\/\/www.facebook.com\/virtuagora\/\"><span style=\"font-weight: 400\">Virtu\u00e1gora<\/span><\/a><span style=\"font-weight: 400\"> en la provincia de Santa Fe. El proceso participativo fue impulsado por la Diputada Clara Garc\u00eda, el Ministerio de Medio Ambiente de Santa Fe y cont\u00f3 con el apoyo de Santalab para el despliegue de la plataforma de participaci\u00f3n digital a trav\u00e9s de la cual la ciudadan\u00eda pudo involucrarse sumando sus propuestas y opiniones sobre los distintos puntos que trata la Ley del \u00c1rbol. Para ello, se establecieron <\/span><a href=\"https:\/\/www.santafe.gov.ar\/leydelarbol\/public\/index.php\"><span style=\"font-weight: 400\">8 ejes tem\u00e1ticos<\/span><\/a><span style=\"font-weight: 400\"> en torno a los que debatir y plazos de tiempo espec\u00edficos para hacerlo. De esta manera, se acerc\u00f3 la posibilidad de dialogar y aportar a pol\u00edticas espec\u00edficas de desarrollo sostenible para la provincia. \u00a0\u00a0\u00a0\u00a0\u00a0<\/span><\/p>\n<p><span style=\"font-weight: 400\">La norma est\u00e1 dividida en cap\u00edtulos donde se tratan criterios y prohibiciones para diversas situaciones: extracci\u00f3n de ejemplares; requisitos m\u00ednimos exigibles de implantaci\u00f3n y conservaci\u00f3n; promoci\u00f3n de corredores biol\u00f3gicos en caminos y rutas; resguardo de \u00e1rboles por su valor patrimonial; realizaci\u00f3n del Censo Provincial de Arbolado y la consecuente fijaci\u00f3n de pol\u00edticas. Tambi\u00e9n crea una red de viveros provinciales para garantizar la oferta oficial de especies requeridas y establece que los edificios p\u00fablicos deber\u00e1n contar con un m\u00ednimo de forestaci\u00f3n, como as\u00ed tambi\u00e9n los inmuebles rurales pertenecientes al Estado provincial y de dominio privado.<\/span><\/p>\n<p><b>Virtu\u00e1gora<\/b><\/p>\n<p><span style=\"font-weight: 400\">Se trata de una plataforma web de c\u00f3digo abierto desarrollada por Augusto Mathurin y Guillermo Croppi para complementar procesos democr\u00e1ticos, permitiendo que los y las ciudadanos\/as puedan realizar comentarios que luego son considerados por los gobiernos para la toma de decisiones. Adem\u00e1s del tratamiento de la Ley del \u00c1rbol, Virtu\u00e1gora, con el impulso de Santalab, se ha implementado en nuestra provincia para abrir el debate de las siguientes legislaciones: <\/span><\/p>\n<ul>\n<li style=\"font-weight: 400\"><a href=\"http:\/\/basesparalareforma.digital\/participa\/public\/\"><span style=\"font-weight: 400\">Bases para la Reforma<\/span><span style=\"font-weight: 400\"> Constitucional<\/span><\/a><\/li>\n<li style=\"font-weight: 400\"><a href=\"https:\/\/www.santafe.gob.ar\/leyeducacion\/public\/index.php\"><span style=\"font-weight: 400\">Ley de Educaci\u00f3n<\/span><\/a><\/li>\n<li style=\"font-weight: 400\"><a href=\"https:\/\/www.santafe.gob.ar\/santafeessalud\/public\/index.php\"><span style=\"font-weight: 400\">Ley de Salud <\/span><\/a><\/li>\n<\/ul>\n<p><span style=\"font-weight: 400\">Y otros proyectos de planificaci\u00f3n y presupuestos participativos<\/span><\/p>\n<ul>\n<li style=\"font-weight: 400\"><a href=\"https:\/\/www.santafe.gob.ar\/atodacosta\/public\/index.php\"><span style=\"font-weight: 400\">Plan a Toda Costa<\/span><\/a><span style=\"font-weight: 400\">.<\/span><\/li>\n<li style=\"font-weight: 400\"><a href=\"https:\/\/ingenia.virtuagora.org\/\"><span style=\"font-weight: 400\">Programa Ingenia<\/span><\/a><\/li>\n<li style=\"font-weight: 400\"><a href=\"https:\/\/pp.sanlorenzo.gob.ar\/\"><span style=\"font-weight: 400\">Presupuesto Participativo de la Ciudad de San Lorenzo<\/span><\/a><\/li>\n<\/ul>\n<p><span style=\"font-weight: 400\">El impulso de estas herramientas para la innovaci\u00f3n democr\u00e1tica es parte de la estrategia de Gobierno Abierto e Innovaci\u00f3n P\u00fablica del Gobierno de Santa Fe.<\/span><\/p>\n<p>&nbsp;<\/p>\n","protected":false},"excerpt":{"rendered":"<p>Esta ley, es una de las tantas que cont\u00f3 con aportes de la ciudadan\u00eda a trav\u00e9s de una plataforma digital de participaci\u00f3n ciudadana en una de las primeras implementaciones de \u00a0Virtu\u00e1gora en la provincia de Santa Fe. El proceso participativo fue impulsado por la Diputada Clara Garc\u00eda, el Ministerio de Medio Ambiente de Santa Fe &hellip; <a href=\"https:\/\/www.santafe.gob.ar\/ms\/gobiernoabierto\/2019\/01\/25\/se-promulgo-la-ley-del-arbol\/\">Continued<\/a><\/p>\n","protected":false},"author":31,"featured_media":6046,"comment_status":"open","ping_status":"open","sticky":false,"template":"","format":"standard","meta":{"_acf_changed":false,"footnotes":""},"categories":[2,3],"tags":[],"class_list":["post-6045","post","type-post","status-publish","format-standard","has-post-thumbnail","hentry","category-colaboracion","category-participacion"],"acf":[],"_links":{"self":[{"href":"https:\/\/www.santafe.gob.ar\/ms\/gobiernoabierto\/wp-json\/wp\/v2\/posts\/6045","targetHints":{"allow":["GET"]}}],"collection":[{"href":"https:\/\/www.santafe.gob.ar\/ms\/gobiernoabierto\/wp-json\/wp\/v2\/posts"}],"about":[{"href":"https:\/\/www.santafe.gob.ar\/ms\/gobiernoabierto\/wp-json\/wp\/v2\/types\/post"}],"author":[{"embeddable":true,"href":"https:\/\/www.santafe.gob.ar\/ms\/gobiernoabierto\/wp-json\/wp\/v2\/users\/31"}],"replies":[{"embeddable":true,"href":"https:\/\/www.santafe.gob.ar\/ms\/gobiernoabierto\/wp-json\/wp\/v2\/comments?post=6045"}],"version-history":[{"count":1,"href":"https:\/\/www.santafe.gob.ar\/ms\/gobiernoabierto\/wp-json\/wp\/v2\/posts\/6045\/revisions"}],"predecessor-version":[{"id":6047,"href":"https:\/\/www.santafe.gob.ar\/ms\/gobiernoabierto\/wp-json\/wp\/v2\/posts\/6045\/revisions\/6047"}],"wp:featuredmedia":[{"embeddable":true,"href":"https:\/\/www.santafe.gob.ar\/ms\/gobiernoabierto\/wp-json\/wp\/v2\/media\/6046"}],"wp:attachment":[{"href":"https:\/\/www.santafe.gob.ar\/ms\/gobiernoabierto\/wp-json\/wp\/v2\/media?parent=6045"}],"wp:term":[{"taxonomy":"category","embeddable":true,"href":"https:\/\/www.santafe.gob.ar\/ms\/gobiernoabierto\/wp-json\/wp\/v2\/categories?post=6045"},{"taxonomy":"post_tag","embeddable":true,"href":"https:\/\/www.santafe.gob.ar\/ms\/gobiernoabierto\/wp-json\/wp\/v2\/tags?post=6045"}],"curies":[{"name":"wp","href":"https:\/\/api.w.org\/{rel}","templated":true}]}}