{"id":3535,"date":"2026-08-24T16:21:16","date_gmt":"2026-08-24T19:21:16","guid":{"rendered":"https:\/\/www.santafe.gob.ar\/ms\/impulsa\/?p=3535"},"modified":"2026-08-24T16:21:31","modified_gmt":"2026-08-24T19:21:31","slug":"yo-resuelvo-nuevas-capacitaciones-para-emprendedores-y-trabajadores-independientes","status":"publish","type":"post","link":"https:\/\/www.santafe.gob.ar\/ms\/impulsa\/2026\/08\/24\/yo-resuelvo-nuevas-capacitaciones-para-emprendedores-y-trabajadores-independientes\/","title":{"rendered":"\u201cYO RESUELVO\u201d: NUEVAS CAPACITACIONES PARA EMPRENDEDORES Y TRABAJADORES INDEPENDIENTES"},"content":{"rendered":"<p><em>La propuesta es llevada adelante por el Concejo Municipal de la ciudad de Santa Fe y arranca el 29 de agosto en la Facultad de Ciencias Jur\u00eddicas y Sociales, con inscripci\u00f3n previa. Se ofrecer\u00e1n encuentros de formaci\u00f3n junto a la UNL y el programa provincial Impulsa.<\/em><\/p>\n<p>&nbsp;<\/p>\n<p>El programa \u201cYo Resuelvo\u201d, impulsado por el Concejo Municipal de Santa Fe, ampl\u00eda sus herramientas para acompa\u00f1ar a emprendedores, trabajadores de oficios, prestadores de servicios y peque\u00f1os comercios. En esta nueva etapa, se desarrollar\u00e1n capacitaciones orientadas a fortalecer la gesti\u00f3n de las actividades, brindar herramientas pr\u00e1cticas y contribuir a la profesionalizaci\u00f3n del trabajo independiente.<\/p>\n<p>La capacitaci\u00f3n \u201cYo Resuelvo Mi Negocio\u201d se realizar\u00e1 en articulaci\u00f3n con las Facultades de Ciencias Jur\u00eddicas y Sociales y de Ciencias Econ\u00f3micas de la Universidad Nacional del Litoral (UNL) y el Programa Impulsa de la provincia de Santa Fe.<\/p>\n<p>A trav\u00e9s de estas capacitaciones se busca que \u201cquienes desarrollan una actividad independiente puedan contar con m\u00e1s herramientas para ordenar su trabajo, tomar decisiones, proyectar su crecimiento y fortalecer su identidad de marca, complementando el acompa\u00f1amiento que brinda Yo Resuelvo\u201d, destac\u00f3 Carolina Capovilla, concejala que lleva adelante el programa.<\/p>\n<p>&nbsp;<\/p>\n<h4>Primer encuentro<\/h4>\n<p>El primer encuentro ser\u00e1 el 29 de agosto, a las 9, en la Facultad de Ciencias Jur\u00eddicas y Sociales. En esta instancia se abordar\u00e1n herramientas vinculadas con los contratos, las responsabilidades y la protecci\u00f3n de la actividad, adem\u00e1s de la importancia de registrar una marca.<\/p>\n<p>Entre los contenidos se trabajar\u00e1 sobre las diferencias entre una obra y un servicio, los aspectos a tener en cuenta al contratar terceros, la responsabilidad subjetiva y objetiva y los seguros de responsabilidad. Tambi\u00e9n se explicar\u00e1 por qu\u00e9 es importante registrar la marca de un servicio, cu\u00e1les son los pasos para hacerlo y qu\u00e9 costos implica.<\/p>\n<p>Las personas interesadas en participar del primer encuentro pueden inscribirse a trav\u00e9s del formulario de inscripci\u00f3n: <a href=\"https:\/\/docs.google.com\/forms\/d\/e\/1FAIpQLSc7jjRI2CLDuXZQO9YcjSR_qbdh59aHSoLFNXySNCNXgmO3dQ\/viewform\">Inscripci\u00f3n a la capacitaci\u00f3n \u201cYo Resuelvo Mi Negocio\u201d\u2060<\/a><\/p>\n<p>La capacitaci\u00f3n estar\u00e1 a cargo de Rub\u00e9n Romano, abogado de la FCJS-UNL, M\u00e1ster en Derecho de Propiedad Intelectual por la Universidad de Tur\u00edn y profesor de Derecho Comercial y Empresarial; y Frank D. Fr\u00f6schke, abogado y especialista en Derecho de Da\u00f1os, docente de Derecho Civil III de la FCJS-UNL.<\/p>\n<p>&nbsp;<\/p>\n<h4>Lo que sigue<\/h4>\n<p>El segundo encuentro ser\u00e1 el 3 de octubre, a las 9, en la Facultad de Ciencias Econ\u00f3micas y estar\u00e1 enfocado en herramientas para organizar y potenciar un emprendimiento u oficio. Se abordar\u00e1n temas como la organizaci\u00f3n del negocio, la identificaci\u00f3n de clientes y propuestas de valor, la definici\u00f3n de precios, costos y gastos, la introducci\u00f3n al Modelo Canvas y el registro y planificaci\u00f3n de la actividad.<\/p>\n<p>El programa \u201cYo Resuelvo\u201d fue relanzado en marzo por el Concejo Municipal de Santa Fe, con el objetivo de fortalecer la plataforma como espacio de encuentro entre quienes ofrecen servicios y quienes necesitan resolver distintas tareas. En esta nueva etapa, adem\u00e1s de capacitaciones, se incorporaron herramientas de acompa\u00f1amiento y estrategias para potenciar el trabajo independiente. M\u00e1s informaci\u00f3n en <a href=\"https:\/\/yoresuelvo.gob.ar\/\">www.yoresuelvo.gob.ar<\/a><\/p>\n","protected":false},"excerpt":{"rendered":"<p>La propuesta es llevada adelante por el Concejo Municipal de la ciudad de Santa Fe y arranca el 29 de agosto en la Facultad de Ciencias Jur\u00eddicas y Sociales, con inscripci\u00f3n previa. Se ofrecer\u00e1n encuentros de formaci\u00f3n junto a la UNL y el programa provincial Impulsa. &nbsp; El programa \u201cYo Resuelvo\u201d, impulsado por el Concejo [&hellip;]<\/p>\n","protected":false},"author":89841,"featured_media":3125,"comment_status":"open","ping_status":"open","sticky":false,"template":"","format":"standard","meta":{"_acf_changed":false,"_et_pb_use_builder":"","_et_pb_old_content":"","_et_gb_content_width":"","footnotes":""},"categories":[1],"tags":[],"class_list":["post-3535","post","type-post","status-publish","format-standard","has-post-thumbnail","hentry","category-sin-categoria"],"acf":[],"_links":{"self":[{"href":"https:\/\/www.santafe.gob.ar\/ms\/impulsa\/wp-json\/wp\/v2\/posts\/3535","targetHints":{"allow":["GET"]}}],"collection":[{"href":"https:\/\/www.santafe.gob.ar\/ms\/impulsa\/wp-json\/wp\/v2\/posts"}],"about":[{"href":"https:\/\/www.santafe.gob.ar\/ms\/impulsa\/wp-json\/wp\/v2\/types\/post"}],"author":[{"embeddable":true,"href":"https:\/\/www.santafe.gob.ar\/ms\/impulsa\/wp-json\/wp\/v2\/users\/89841"}],"replies":[{"embeddable":true,"href":"https:\/\/www.santafe.gob.ar\/ms\/impulsa\/wp-json\/wp\/v2\/comments?post=3535"}],"version-history":[{"count":3,"href":"https:\/\/www.santafe.gob.ar\/ms\/impulsa\/wp-json\/wp\/v2\/posts\/3535\/revisions"}],"predecessor-version":[{"id":3539,"href":"https:\/\/www.santafe.gob.ar\/ms\/impulsa\/wp-json\/wp\/v2\/posts\/3535\/revisions\/3539"}],"wp:featuredmedia":[{"embeddable":true,"href":"https:\/\/www.santafe.gob.ar\/ms\/impulsa\/wp-json\/wp\/v2\/media\/3125"}],"wp:attachment":[{"href":"https:\/\/www.santafe.gob.ar\/ms\/impulsa\/wp-json\/wp\/v2\/media?parent=3535"}],"wp:term":[{"taxonomy":"category","embeddable":true,"href":"https:\/\/www.santafe.gob.ar\/ms\/impulsa\/wp-json\/wp\/v2\/categories?post=3535"},{"taxonomy":"post_tag","embeddable":true,"href":"https:\/\/www.santafe.gob.ar\/ms\/impulsa\/wp-json\/wp\/v2\/tags?post=3535"}],"curies":[{"name":"wp","href":"https:\/\/api.w.org\/{rel}","templated":true}]}}