{"id":3541,"date":"2026-08-25T19:03:38","date_gmt":"2026-08-25T22:03:38","guid":{"rendered":"https:\/\/www.santafe.gob.ar\/ms\/impulsa\/?p=3541"},"modified":"2026-08-25T19:03:38","modified_gmt":"2026-08-25T22:03:38","slug":"santa-fe-finalizaron-los-cursos-de-community-manager-y-creador-de-contenido-audiovisual","status":"publish","type":"post","link":"https:\/\/www.santafe.gob.ar\/ms\/impulsa\/2026\/08\/25\/santa-fe-finalizaron-los-cursos-de-community-manager-y-creador-de-contenido-audiovisual\/","title":{"rendered":"SANTA FE: FINALIZARON LOS CURSOS DE COMMUNITY MANAGER Y CREADOR DE CONTENIDO AUDIOVISUAL"},"content":{"rendered":"<p><em>50 personas completaron su formaci\u00f3n, en el marco del programa Impulsa, junto a FECECO. La iniciativa busca ampliar las oportunidades de capacitaci\u00f3n y favorecer la inserci\u00f3n laboral.<\/em><\/p>\n<p>&nbsp;<\/p>\n<p>En el marco del programa Impulsa, finalizaron los cursos de Community Manager y Creador de Contenido Audiovisual, una propuesta desarrollada por el Gobierno de la Provincia de Santa Fe junto a la Federaci\u00f3n de Centros Comerciales de la Provincia de Santa Fe (FECECO). En total, 50 personas completaron su formaci\u00f3n en estas dos propuestas vinculadas al universo de la comunicaci\u00f3n y las herramientas digitales.<\/p>\n<p>La directora de Formaci\u00f3n Profesional y Capacitaci\u00f3n Laboral de la cartera laboral, Natalia Visentini, destac\u00f3 que \u201cla formaci\u00f3n en oficios es una herramienta concreta para ampliar oportunidades y acompa\u00f1ar a las personas en sus proyectos laborales. Desde el Gobierno de Santa Fe trabajamos para que la capacitaci\u00f3n responda a las transformaciones del mundo del trabajo y acerque conocimientos y herramientas que permitan mejorar las posibilidades de inserci\u00f3n laboral\u201d.<\/p>\n<p>&nbsp;<\/p>\n<h4>Cambios en el mundo del trabajo<\/h4>\n<p>La formaci\u00f3n en oficios constituye una herramienta fundamental para fortalecer capacidades y acompa\u00f1ar a las personas en el acceso al mundo del trabajo. En este sentido, las capacitaciones en nuevas tecnolog\u00edas y comunicaci\u00f3n digital permiten incorporar conocimientos concretos y actuales, que pueden convertirse tanto en nuevas posibilidades de empleo como en herramientas para desarrollar emprendimientos y proyectos propios.<\/p>\n<p>La articulaci\u00f3n con instituciones y organizaciones del sector privado, como FECECO, permite ampliar el alcance de estas iniciativas y construir propuestas que respondan a las demandas de los distintos sectores productivos de la provincia.<\/p>\n<p>&nbsp;<\/p>\n<p><img loading=\"lazy\" decoding=\"async\" class=\"alignnone size-medium wp-image-3544\" src=\"https:\/\/www.santafe.gob.ar\/ms\/impulsa\/wp-content\/uploads\/sites\/67\/2026\/08\/WhatsApp-Image-2026-08-24-at-8.33.29-PM-1-300x225.jpeg\" alt=\"\" width=\"300\" height=\"225\" \/> <img loading=\"lazy\" decoding=\"async\" class=\"alignnone size-medium wp-image-3545\" src=\"https:\/\/www.santafe.gob.ar\/ms\/impulsa\/wp-content\/uploads\/sites\/67\/2026\/08\/WhatsApp-Image-2026-08-24-at-8.33.29-PM-3-300x225.jpeg\" alt=\"\" width=\"300\" height=\"225\" \/> \u00a0<img loading=\"lazy\" decoding=\"async\" class=\"alignnone size-medium wp-image-3549\" src=\"https:\/\/www.santafe.gob.ar\/ms\/impulsa\/wp-content\/uploads\/sites\/67\/2026\/08\/WhatsApp-Image-2026-08-24-at-8.33.32-PM-4-300x225.jpeg\" alt=\"\" width=\"300\" height=\"225\" \/> <img loading=\"lazy\" decoding=\"async\" class=\"alignnone size-medium wp-image-3550\" src=\"https:\/\/www.santafe.gob.ar\/ms\/impulsa\/wp-content\/uploads\/sites\/67\/2026\/08\/WhatsApp-Image-2026-08-24-at-8.33.28-PM-1-300x225.jpeg\" alt=\"\" width=\"300\" height=\"225\" \/> <img loading=\"lazy\" decoding=\"async\" class=\"alignnone size-medium wp-image-3551\" src=\"https:\/\/www.santafe.gob.ar\/ms\/impulsa\/wp-content\/uploads\/sites\/67\/2026\/08\/WhatsApp-Image-2026-08-24-at-8.33.30-PM-300x225.jpeg\" alt=\"\" width=\"300\" height=\"225\" \/> <img loading=\"lazy\" decoding=\"async\" class=\"alignnone size-medium wp-image-3552\" src=\"https:\/\/www.santafe.gob.ar\/ms\/impulsa\/wp-content\/uploads\/sites\/67\/2026\/08\/WhatsApp-Image-2026-08-24-at-8.33.33-PM-2-300x225.jpeg\" alt=\"\" width=\"300\" height=\"225\" \/><\/p>\n","protected":false},"excerpt":{"rendered":"<p>50 personas completaron su formaci\u00f3n, en el marco del programa Impulsa, junto a FECECO. La iniciativa busca ampliar las oportunidades de capacitaci\u00f3n y favorecer la inserci\u00f3n laboral. &nbsp; En el marco del programa Impulsa, finalizaron los cursos de Community Manager y Creador de Contenido Audiovisual, una propuesta desarrollada por el Gobierno de la Provincia de [&hellip;]<\/p>\n","protected":false},"author":89841,"featured_media":3542,"comment_status":"open","ping_status":"open","sticky":false,"template":"","format":"standard","meta":{"_acf_changed":false,"_et_pb_use_builder":"","_et_pb_old_content":"","_et_gb_content_width":"","footnotes":""},"categories":[1],"tags":[],"class_list":["post-3541","post","type-post","status-publish","format-standard","has-post-thumbnail","hentry","category-sin-categoria"],"acf":[],"_links":{"self":[{"href":"https:\/\/www.santafe.gob.ar\/ms\/impulsa\/wp-json\/wp\/v2\/posts\/3541","targetHints":{"allow":["GET"]}}],"collection":[{"href":"https:\/\/www.santafe.gob.ar\/ms\/impulsa\/wp-json\/wp\/v2\/posts"}],"about":[{"href":"https:\/\/www.santafe.gob.ar\/ms\/impulsa\/wp-json\/wp\/v2\/types\/post"}],"author":[{"embeddable":true,"href":"https:\/\/www.santafe.gob.ar\/ms\/impulsa\/wp-json\/wp\/v2\/users\/89841"}],"replies":[{"embeddable":true,"href":"https:\/\/www.santafe.gob.ar\/ms\/impulsa\/wp-json\/wp\/v2\/comments?post=3541"}],"version-history":[{"count":2,"href":"https:\/\/www.santafe.gob.ar\/ms\/impulsa\/wp-json\/wp\/v2\/posts\/3541\/revisions"}],"predecessor-version":[{"id":3553,"href":"https:\/\/www.santafe.gob.ar\/ms\/impulsa\/wp-json\/wp\/v2\/posts\/3541\/revisions\/3553"}],"wp:featuredmedia":[{"embeddable":true,"href":"https:\/\/www.santafe.gob.ar\/ms\/impulsa\/wp-json\/wp\/v2\/media\/3542"}],"wp:attachment":[{"href":"https:\/\/www.santafe.gob.ar\/ms\/impulsa\/wp-json\/wp\/v2\/media?parent=3541"}],"wp:term":[{"taxonomy":"category","embeddable":true,"href":"https:\/\/www.santafe.gob.ar\/ms\/impulsa\/wp-json\/wp\/v2\/categories?post=3541"},{"taxonomy":"post_tag","embeddable":true,"href":"https:\/\/www.santafe.gob.ar\/ms\/impulsa\/wp-json\/wp\/v2\/tags?post=3541"}],"curies":[{"name":"wp","href":"https:\/\/api.w.org\/{rel}","templated":true}]}}